{"id":59030,"date":"2026-08-27T09:05:06","date_gmt":"2026-08-27T07:05:06","guid":{"rendered":"https:\/\/gomonta.com\/?p=59030"},"modified":"2026-08-27T09:05:11","modified_gmt":"2026-08-27T07:05:11","slug":"reglement-ppwr-emballage-ecommerce","status":"publish","type":"post","link":"https:\/\/gomonta.com\/fr\/blog\/reglement-ppwr-emballage-ecommerce\/","title":{"rendered":"R\u00e8glement PPWR sur les emballages : ce que les e-commer\u00e7ants doivent savoir d\u00e8s maintenant"},"content":{"rendered":"\n<h2 class=\"wp-block-heading\">Le PPWR, c\u2019est quoi et pourquoi \u00e7a vous concerne directement<\/h2>\n\n\n\n<div class=\"wp-block-stackable-text stk-block-text stk-block stk-ad9c5ee\" data-block-id=\"ad9c5ee\"><p class=\"stk-block-text__text\">Pendant des ann\u00e9es, chaque pays europ\u00e9en avait ses propres r\u00e8gles sur les emballages. Une \u00e9tiquette conforme en France pouvait ne pas l\u2019\u00eatre en Allemagne. Un format autoris\u00e9 aux Pays-Bas pouvait \u00eatre soumis \u00e0 d\u2019autres contraintes en Espagne. Pour les e-commer\u00e7ants qui vendent dans plusieurs pays, c\u2019\u00e9tait un vrai casse-t\u00eate.<\/p><\/div>\n\n\n\n<div class=\"wp-block-stackable-text stk-block-text stk-block stk-ba6650d\" data-block-id=\"ba6650d\"><p class=\"stk-block-text__text\">Le PPWR, ou <a href=\"https:\/\/environment.ec.europa.eu\/news\/new-eu-rules-packaging-enter-application-2026-08-11_en?prefLang=fr\" target=\"_blank\" data-type=\"link\" data-id=\"https:\/\/environment.ec.europa.eu\/news\/new-eu-rules-packaging-enter-application-2026-08-11_en?prefLang=fr\" rel=\"noreferrer noopener\">Packaging and Packaging Waste Regulation<\/a>, r\u00e8glement (UE) 2025\/40, met fin \u00e0 cette fragmentation. Il \u00e9tablit un cadre harmonis\u00e9, valable dans les 27 \u00c9tats membres, qui couvre l\u2019ensemble du cycle de vie d\u2019un emballage : de sa conception jusqu\u2019\u00e0 son recyclage.<\/p><\/div>\n\n\n\n<div class=\"wp-block-stackable-text stk-block-text stk-block stk-efcc2b3\" data-block-id=\"efcc2b3\"><p class=\"stk-block-text__text\">Ce r\u00e8glement concerne les fabricants, les importateurs, les distributeurs et les e-commer\u00e7ants. Aucun seuil de chiffre d\u2019affaires, aucune exemption pour les PME. Si vous vendez des produits emball\u00e9s en Europe, vous \u00eates concern\u00e9.<\/p><\/div>\n\n\n\n<h2 class=\"wp-block-heading\">Le calendrier PPWR 2026-2030 en trois temps<\/h2>\n\n\n\n<h3 class=\"wp-block-heading\">Ao\u00fbt 2026 : les PFAS dans les emballages alimentaires, c\u2019est termin\u00e9<\/h3>\n\n\n\n<div class=\"wp-block-stackable-text stk-block-text stk-block stk-29c89d6\" data-block-id=\"29c89d6\"><p class=\"stk-block-text__text\">C\u2019est l\u2019obligation entr\u00e9e en vigueur le 12 ao\u00fbt. Les PFAS, ces substances surnomm\u00e9es \u00ab&nbsp;polluants \u00e9ternels&nbsp;\u00bb, sont d\u00e9sormais interdites au-dessus de seuils stricts dans tous les emballages en contact direct avec des aliments. Bo\u00eetes \u00e0 emporter, papiers de boulangerie, sacs de popcorn pour micro-ondes, contenants fast-food : ces produits ne peuvent plus \u00eatre mis sur le march\u00e9 europ\u00e9en s\u2019ils ne respectent pas les nouvelles limites.<\/p><\/div>\n\n\n\n<blockquote class=\"wp-block-quote is-layout-flow wp-block-quote-is-layout-flow\">\n<p class=\"wp-block-paragraph\">Si vous vendez des produits alimentaires en ligne et que vous choisissez vos fournisseurs d\u2019emballages alimentaires, cette v\u00e9rification est \u00e0 faire maintenant, pas dans six mois.<\/p>\n<\/blockquote>\n\n\n\n<h3 class=\"wp-block-heading\">2028 : un \u00e9tiquetage harmonis\u00e9 partout en Europe<\/h3>\n\n\n\n<div class=\"wp-block-stackable-text stk-block-text stk-block stk-f2a06e9\" data-block-id=\"f2a06e9\"><p class=\"stk-block-text__text\">Dans deux ans, un syst\u00e8me d\u2019\u00e9tiquetage commun pour le tri des d\u00e9chets entrera en vigueur dans toute l\u2019Union. Un m\u00eame pictogramme, une m\u00eame signal\u00e9tique, dans les 27 pays. Pour les e-commer\u00e7ants multi-march\u00e9s, cela simplifie la conformit\u00e9 \u00e0 terme. Mais cela implique aussi de revoir les emballages existants.<\/p><\/div>\n\n\n\n<blockquote class=\"wp-block-quote is-layout-flow wp-block-quote-is-layout-flow\">\n<p class=\"wp-block-paragraph\">Concr\u00e8tement : si vous refaites vos emballages d\u2019ici 2028, int\u00e9grez ces exigences dans le cahier des charges maintenant. Vous \u00e9viterez une double refonte co\u00fbteuse.<\/p>\n<\/blockquote>\n\n\n\n<h3 class=\"wp-block-heading\">2030 : les obligations les plus structurantes pour le fulfillment<\/h3>\n\n\n\n<div class=\"wp-block-stackable-text stk-block-text stk-block stk-0173648\" data-block-id=\"0173648\"><p class=\"stk-block-text__text\">C\u2019est l\u2019\u00e9ch\u00e9ance qui aura l\u2019impact op\u00e9rationnel le plus fort. Trois grandes obligations entrent en vigueur&nbsp;:<\/p><\/div>\n\n\n\n<div class=\"wp-block-stackable-icon-list stk-block-icon-list stk-block stk-87be457\" data-block-id=\"87be457\"><style>.stk-87be457 .stk-block-icon-list-item__content{align-items:baseline !important;}<\/style><svg style=\"display:none\"><defs><g id=\"stk-icon-list__icon-svg-def-87be457\"><svg class=\"ugb-custom-icon\" xmlns=\"http:\/\/www.w3.org\/2000\/svg\" xmlns:xlink=\"http:\/\/www.w3.org\/1999\/xlink\" version=\"1.1\"   viewBox=\"0 0 256 256\" xml:space=\"preserve\">\n\n<defs>\n<\/defs>\n<g style=\"stroke: none; stroke-width: 0; stroke-dasharray: none; stroke-linecap: butt; stroke-linejoin: miter; stroke-miterlimit: 10; fill: none; fill-rule: nonzero; opacity: 1;\" transform=\"translate(1.4065934065934016 1.4065934065934016) scale(2.81 2.81)\" >\n\t<path d=\"M 40.051 84.916 c -0.232 0 -0.464 -0.04 -0.688 -0.122 L 1.312 70.858 C 0.524 70.57 0 69.819 0 68.98 V 20.748 c 0 -0.653 0.319 -1.265 0.854 -1.64 c 0.536 -0.374 1.22 -0.464 1.833 -0.238 l 38.051 13.935 c 0.788 0.289 1.312 1.039 1.312 1.878 v 48.233 c 0 0.653 -0.319 1.266 -0.854 1.64 C 40.856 84.793 40.456 84.916 40.051 84.916 z M 4 67.583 l 34.051 12.471 V 36.081 L 4 23.61 V 67.583 z\" style=\"stroke: none; stroke-width: 1; stroke-dasharray: none; stroke-linecap: butt; stroke-linejoin: miter; stroke-miterlimit: 10; fill: rgb(0,157,224); fill-rule: nonzero; opacity: 1;\" transform=\" matrix(1 0 0 1 0 0) \" stroke-linecap=\"round\" \/>\n\t<path d=\"M 40.051 84.916 c -0.404 0 -0.805 -0.123 -1.146 -0.36 c -0.536 -0.374 -0.854 -0.986 -0.854 -1.64 V 34.683 c 0 -1.104 0.896 -2 2 -2 s 2 0.896 2 2 v 45.371 l 7.339 -2.688 c 1.034 -0.381 2.186 0.152 2.565 1.19 c 0.38 1.037 -0.153 2.186 -1.19 2.565 l -10.027 3.672 C 40.516 84.876 40.283 84.916 40.051 84.916 z\" style=\"stroke: none; stroke-width: 1; stroke-dasharray: none; stroke-linecap: butt; stroke-linejoin: miter; stroke-miterlimit: 10; fill: rgb(0,157,224); fill-rule: nonzero; opacity: 1;\" transform=\" matrix(1 0 0 1 0 0) \" stroke-linecap=\"round\" \/>\n\t<path d=\"M 78.103 44.279 c -1.104 0 -2 -0.896 -2 -2 V 23.61 L 40.739 36.561 c -1.037 0.38 -2.186 -0.153 -2.566 -1.19 c -0.38 -1.038 0.153 -2.186 1.19 -2.566 L 77.415 18.87 c 0.611 -0.227 1.297 -0.136 1.833 0.238 c 0.535 0.375 0.854 0.986 0.854 1.64 v 21.531 C 80.103 43.383 79.207 44.279 78.103 44.279 z\" style=\"stroke: none; stroke-width: 1; stroke-dasharray: none; stroke-linecap: butt; stroke-linejoin: miter; stroke-miterlimit: 10; fill: rgb(0,157,224); fill-rule: nonzero; opacity: 1;\" transform=\" matrix(1 0 0 1 0 0) \" stroke-linecap=\"round\" \/>\n\t<path d=\"M 40.051 36.683 c -0.233 0 -0.466 -0.041 -0.688 -0.122 L 1.312 22.626 C 0.524 22.337 0 21.587 0 20.748 s 0.524 -1.589 1.312 -1.878 L 39.364 4.936 c 0.443 -0.163 0.932 -0.163 1.375 0 L 78.79 18.87 c 0.788 0.289 1.313 1.039 1.313 1.878 s -0.524 1.589 -1.313 1.878 L 40.739 36.561 C 40.517 36.643 40.284 36.683 40.051 36.683 z M 7.816 20.748 l 32.235 11.805 l 32.235 -11.805 L 40.051 8.943 L 7.816 20.748 z\" style=\"stroke: none; stroke-width: 1; stroke-dasharray: none; stroke-linecap: butt; stroke-linejoin: miter; stroke-miterlimit: 10; fill: rgb(0,157,224); fill-rule: nonzero; opacity: 1;\" transform=\" matrix(1 0 0 1 0 0) \" stroke-linecap=\"round\" \/>\n\t<path d=\"M 20.064 42.452 c -1.104 0 -2 -0.896 -2 -2 V 27.364 c 0 -0.843 0.529 -1.596 1.322 -1.881 l 38.356 -13.824 c 1.036 -0.377 2.185 0.164 2.56 1.203 c 0.374 1.039 -0.165 2.185 -1.204 2.56 L 22.064 28.769 v 11.683 C 22.064 41.556 21.169 42.452 20.064 42.452 z\" style=\"stroke: none; stroke-width: 1; stroke-dasharray: none; stroke-linecap: butt; stroke-linejoin: miter; stroke-miterlimit: 10; fill: rgb(0,157,224); fill-rule: nonzero; opacity: 1;\" transform=\" matrix(1 0 0 1 0 0) \" stroke-linecap=\"round\" \/>\n\t<path d=\"M 66.608 73.149 c -0.53 0 -1.039 -0.211 -1.414 -0.586 l -6.236 -6.236 c -0.781 -0.781 -0.781 -2.047 0 -2.828 s 2.047 -0.781 2.828 0 l 4.822 4.822 l 11.058 -11.059 c 0.781 -0.781 2.047 -0.781 2.828 0 s 0.781 2.047 0 2.828 L 68.022 72.563 C 67.647 72.938 67.139 73.149 66.608 73.149 z\" style=\"stroke: none; stroke-width: 1; stroke-dasharray: none; stroke-linecap: butt; stroke-linejoin: miter; stroke-miterlimit: 10; fill: rgb(0,157,224); fill-rule: nonzero; opacity: 1;\" transform=\" matrix(1 0 0 1 0 0) \" stroke-linecap=\"round\" \/>\n\t<path d=\"M 69.727 85.187 c -11.18 0 -20.274 -9.095 -20.274 -20.273 c 0 -11.18 9.095 -20.274 20.274 -20.274 C 80.905 44.639 90 53.733 90 64.913 C 90 76.092 80.905 85.187 69.727 85.187 z M 69.727 48.639 c -8.974 0 -16.274 7.301 -16.274 16.274 s 7.301 16.273 16.274 16.273 S 86 73.887 86 64.913 S 78.7 48.639 69.727 48.639 z\" style=\"stroke: none; stroke-width: 1; stroke-dasharray: none; stroke-linecap: butt; stroke-linejoin: miter; stroke-miterlimit: 10; fill: rgb(0,157,224); fill-rule: nonzero; opacity: 1;\" transform=\" matrix(1 0 0 1 0 0) \" stroke-linecap=\"round\" \/>\n<\/g>\n<\/svg><\/g><\/defs><\/svg><ul class=\"stk-block-icon-list__ul stk-block-icon-list--column\">\n<li class=\"wp-block-stackable-icon-list-item stk-block-icon-list-item stk-block stk-8c33920\" data-block-id=\"8c33920\"><div class=\"stk-block-icon-list-item__content\"><span class=\"stk--svg-wrapper\"><div class=\"stk--inner-svg\"><svg aria-hidden=\"true\" width=\"32\" height=\"32\"><use xlink:href=\"#stk-icon-list__icon-svg-def-87be457\"><\/use><\/svg><\/div><\/span><span class=\"stk-block-icon-list-item__text\">Taux d\u2019espace vide maximal de 40&nbsp;% dans les colis e-commerce. Le produit doit occuper au moins 60&nbsp;% du volume int\u00e9rieur du colis.<\/span><\/div><\/li>\n\n\n\n<li class=\"wp-block-stackable-icon-list-item stk-block-icon-list-item stk-block stk-184b6bf\" data-block-id=\"184b6bf\"><div class=\"stk-block-icon-list-item__content\"><span class=\"stk--svg-wrapper\"><div class=\"stk--inner-svg\"><svg aria-hidden=\"true\" width=\"32\" height=\"32\"><use xlink:href=\"#stk-icon-list__icon-svg-def-87be457\"><\/use><\/svg><\/div><\/span><span class=\"stk-block-icon-list-item__text\">Taux minimum de plastique recycl\u00e9 dans tous les emballages plastiques contenant plus de 5&nbsp;% de plastique, de 10 \u00e0 35&nbsp;% selon le type d\u2019emballage.<\/span><\/div><\/li>\n\n\n\n<li class=\"wp-block-stackable-icon-list-item stk-block-icon-list-item stk-block stk-81a55cd\" data-block-id=\"81a55cd\"><div class=\"stk-block-icon-list-item__content\"><span class=\"stk--svg-wrapper\"><div class=\"stk--inner-svg\"><svg aria-hidden=\"true\" width=\"32\" height=\"32\"><use xlink:href=\"#stk-icon-list__icon-svg-def-87be457\"><\/use><\/svg><\/div><\/span><span class=\"stk-block-icon-list-item__text\">Tous les emballages devront \u00eatre recyclables, sans exception.<\/span><\/div><\/li>\n<\/ul><\/div>\n\n\n\n<div class=\"wp-block-stackable-text stk-block-text stk-block stk-57857dc\" data-block-id=\"57857dc\"><p class=\"stk-block-text__text\">Quatre ans, c\u2019est court quand il faut revoir des processus d\u2019emballage, changer de fournisseurs et former des \u00e9quipes. Et certaines d\u00e9cisions, comme le sourcing de mati\u00e8res recycl\u00e9es, se jouent d\u00e8s maintenant.<\/p><\/div>\n\n\n\n<h2 class=\"wp-block-heading\">Ce que la r\u00e9glementation PPWR change concr\u00e8tement pour votre logistique<\/h2>\n\n\n\n<div class=\"wp-block-stackable-text stk-block-text stk-block stk-291fa5e\" data-block-id=\"291fa5e\"><p class=\"stk-block-text__text\">La contrainte sur l\u2019espace vide est celle qui aura l\u2019impact le plus imm\u00e9diat sur le quotidien d\u2019un e-commer\u00e7ant. Beaucoup exp\u00e9dient encore aujourd\u2019hui des produits dans des colis surdimensionn\u00e9s, soit par habitude, soit par manque de flexibilit\u00e9 sur les formats disponibles.<\/p><\/div>\n\n\n\n<div class=\"wp-block-stackable-text stk-block-text stk-block stk-d1ffe38\" data-block-id=\"d1ffe38\"><p class=\"stk-block-text__text\">\u00c0 partir de 2030, ce ne sera plus l\u00e9gal. Et au-del\u00e0 de la conformit\u00e9 r\u00e9glementaire, c\u2019est aussi une question de co\u00fbts. Un colis mal dimensionn\u00e9, c\u2019est du volume factur\u00e9 inutilement par les transporteurs, du mat\u00e9riau gaspill\u00e9, et une empreinte carbone plus \u00e9lev\u00e9e par livraison. Pour les emballages plastiques, la transition sera plus longue \u00e0 pr\u00e9parer. Trouver des fournisseurs capables de garantir un taux de mati\u00e8re recycl\u00e9e post-consommation conforme et tra\u00e7able prend du temps. Les certifications de cha\u00eene de tra\u00e7abilit\u00e9, de l\u2019usine de recyclage jusqu\u2019\u00e0 l\u2019emballage final, ne s\u2019obtiennent pas en quelques semaines. C\u2019est l\u00e0 que 2030 est d\u00e9j\u00e0 proche.<\/p><\/div>\n\n\n\n<figure class=\"wp-block-image size-large\"><img loading=\"lazy\" decoding=\"async\" width=\"1024\" height=\"683\" src=\"https:\/\/gomonta.com\/wp-content\/uploads\/2026\/08\/2E2A0659-1024x683.webp\" alt=\"\" class=\"wp-image-59043\" srcset=\"https:\/\/gomonta.com\/wp-content\/uploads\/2026\/08\/2E2A0659-1024x683.webp 1024w, https:\/\/gomonta.com\/wp-content\/uploads\/2026\/08\/2E2A0659-300x200.webp 300w, https:\/\/gomonta.com\/wp-content\/uploads\/2026\/08\/2E2A0659-768x512.webp 768w, https:\/\/gomonta.com\/wp-content\/uploads\/2026\/08\/2E2A0659-1536x1024.webp 1536w, https:\/\/gomonta.com\/wp-content\/uploads\/2026\/08\/2E2A0659.webp 1920w\" sizes=\"auto, (max-width: 1024px) 100vw, 1024px\" \/><\/figure>\n\n\n\n<h2 class=\"wp-block-heading\">Par o\u00f9 commencer maintenant<\/h2>\n\n\n\n<div class=\"wp-block-stackable-icon-list stk-block-icon-list stk-block stk-13100c5\" data-block-id=\"13100c5\"><style>.stk-13100c5 {--stk-icon-list-marker-color:var(--theme-palette-color-1, #009DE0) !important;}.stk-13100c5 .stk-block-icon-list-item__content{align-items:baseline !important;}<\/style><svg style=\"display:none\"><defs><g id=\"stk-icon-list__icon-svg-def-13100c5\"><svg xmlns=\"http:\/\/www.w3.org\/2000\/svg\" viewBox=\"0 0 190 190\"><polygon points=\"173.8,28.4 60.4,141.8 15.7,97.2 5.1,107.8 60.4,163 184.4,39 173.8,28.4\"\/><\/svg><\/g><\/defs><\/svg><ul class=\"stk-block-icon-list__ul stk-block-icon-list--column\">\n<li class=\"wp-block-stackable-icon-list-item stk-block-icon-list-item stk-block stk-96b778c\" data-block-id=\"96b778c\"><div class=\"stk-block-icon-list-item__content\"><span class=\"stk--svg-wrapper\"><div class=\"stk--inner-svg\"><svg aria-hidden=\"true\" width=\"32\" height=\"32\"><use xlink:href=\"#stk-icon-list__icon-svg-def-13100c5\"><\/use><\/svg><\/div><\/span><span class=\"stk-block-icon-list-item__text\"><strong>Si vous vendez des produits alimentaires en ligne<\/strong>&nbsp;: auditez imm\u00e9diatement vos emballages en contact avec les aliments avec votre fournisseur. L\u2019obligation PFAS est en vigueur depuis le 12 ao\u00fbt. Une non-conformit\u00e9 expose \u00e0 un retrait du march\u00e9.<\/span><\/div><\/li>\n\n\n\n<li class=\"wp-block-stackable-icon-list-item stk-block-icon-list-item stk-block stk-f9ee7a2\" data-block-id=\"f9ee7a2\"><div class=\"stk-block-icon-list-item__content\"><span class=\"stk--svg-wrapper\"><div class=\"stk--inner-svg\"><svg aria-hidden=\"true\" width=\"32\" height=\"32\"><use xlink:href=\"#stk-icon-list__icon-svg-def-13100c5\"><\/use><\/svg><\/div><\/span><span class=\"stk-block-icon-list-item__text\"><strong>Identifiez vos colis \u00e0 fort espace vide<\/strong>&nbsp;: reprenez vos six derniers mois d\u2019exp\u00e9ditions. Quels produits partent dans des bo\u00eetes disproportionn\u00e9es&nbsp;? Ce sont vos premiers chantiers, \u00e0 la fois pour la conformit\u00e9 2030 et pour r\u00e9duire vos co\u00fbts de transport d\u00e8s maintenant.<\/span><\/div><\/li>\n\n\n\n<li class=\"wp-block-stackable-icon-list-item stk-block-icon-list-item stk-block stk-0cdabd2\" data-block-id=\"0cdabd2\"><div class=\"stk-block-icon-list-item__content\"><span class=\"stk--svg-wrapper\"><div class=\"stk--inner-svg\"><svg aria-hidden=\"true\" width=\"32\" height=\"32\"><use xlink:href=\"#stk-icon-list__icon-svg-def-13100c5\"><\/use><\/svg><\/div><\/span><span class=\"stk-block-icon-list-item__text\"><strong>Anticipez votre transition vers des mat\u00e9riaux recyclables<\/strong>&nbsp;: parlez \u00e0 vos fournisseurs d\u2019emballages de leur offre en mati\u00e8res recycl\u00e9es. Les d\u00e9lais de d\u00e9veloppement et de certification sont longs. Commencer \u00e0 chercher en 2028 pour \u00eatre pr\u00eat en 2030, c\u2019est trop tard.<\/span><\/div><\/li>\n\n\n\n<li class=\"wp-block-stackable-icon-list-item stk-block-icon-list-item stk-block stk-5fd8102\" data-block-id=\"5fd8102\"><div class=\"stk-block-icon-list-item__content\"><span class=\"stk--svg-wrapper\"><div class=\"stk--inner-svg\"><svg aria-hidden=\"true\" width=\"32\" height=\"32\"><use xlink:href=\"#stk-icon-list__icon-svg-def-13100c5\"><\/use><\/svg><\/div><\/span><span class=\"stk-block-icon-list-item__text\"><strong>Int\u00e9grez l\u2019\u00e9tiquetage 2028 dans votre prochaine refonte<\/strong>&nbsp;: si vous retravaillez vos packagings avant 2028, incluez d\u00e8s maintenant les exigences d\u2019\u00e9tiquetage harmonis\u00e9 dans votre cahier des charges.<\/span><\/div><\/li>\n\n\n\n<li class=\"wp-block-stackable-icon-list-item stk-block-icon-list-item stk-block stk-64e5119\" data-block-id=\"64e5119\"><div class=\"stk-block-icon-list-item__content\"><span class=\"stk--svg-wrapper\"><div class=\"stk--inner-svg\"><svg aria-hidden=\"true\" width=\"32\" height=\"32\"><use xlink:href=\"#stk-icon-list__icon-svg-def-13100c5\"><\/use><\/svg><\/div><\/span><span class=\"stk-block-icon-list-item__text\"><strong>V\u00e9rifiez vos obligations <a href=\"https:\/\/www.ecologie.gouv.fr\/politiques-publiques\/emballages-professionnels\" target=\"_blank\" rel=\"noreferrer noopener\">REP<\/a> dans chaque pays de vente&nbsp;<\/strong>: si vous exp\u00e9diez en Allemagne, en Belgique ou en Italie, vous devez vous enregistrer aupr\u00e8s de l\u2019\u00e9co-organisme de chaque pays. Une inscription en France via Citeo ne couvre pas vos obligations \u00e0 l\u2019\u00e9tranger.<\/span><\/div><\/li>\n<\/ul><\/div>\n\n\n\n<h2 class=\"wp-block-heading\">Comment Monta vous accompagne<\/h2>\n\n\n\n<div class=\"wp-block-stackable-text stk-block-text stk-block stk-15d4181\" data-block-id=\"15d4181\"><p class=\"stk-block-text__text\">L\u2019enjeu de l\u2019espace vide, c\u2019est pr\u00e9cis\u00e9ment ce qu\u2019adresse la <a href=\"https:\/\/gomonta.com\/fr\/wms\/materiel\/machine-demballage\/\" data-type=\"link\" data-id=\"https:\/\/gomonta.com\/fr\/wms\/materiel\/machine-demballage\/\">machine d\u2019emballage<\/a> de Monta, baptis\u00e9e PacMan. D\u00e9ploy\u00e9e dans plusieurs de nos entrep\u00f4ts, elle calcule automatiquement les dimensions optimales pour chaque commande et d\u00e9coupe une bo\u00eete parfaitement ajust\u00e9e au produit. R\u00e9sultat&nbsp;: jamais de grande bo\u00eete pour un petit article, moins de mat\u00e9riau utilis\u00e9, moins de volume transport\u00e9.<\/p><\/div>\n\n\n\n<blockquote class=\"wp-block-quote is-layout-flow wp-block-quote-is-layout-flow\">\n<p class=\"wp-block-paragraph\">Concr\u00e8tement&nbsp;: moins de carton gaspill\u00e9, un co\u00fbt de transport r\u00e9duit puisque les transporteurs chargent davantage par tourn\u00e9e, et une logistique d\u00e9j\u00e0 align\u00e9e avec les exigences que le r\u00e8glement PPWR imposera en 2030.<\/p>\n<\/blockquote>\n\n\n\n<div class=\"wp-block-stackable-text stk-block-text stk-block stk-f7b1fe1\" data-block-id=\"f7b1fe1\"><p class=\"stk-block-text__text\"><a href=\"https:\/\/gomonta.com\/fr\/logistique-e-commerce\/\" data-type=\"link\" data-id=\"https:\/\/gomonta.com\/fr\/logistique-e-commerce\/\">Externaliser votre logistique<\/a> \u00e0 Monta, c\u2019est aussi s\u2019appuyer sur un partenaire qui anticipe ces \u00e9volutions avec vous.<\/p><\/div>\n\n\n\n<div class=\"wp-block-stackable-text stk-block-text stk-block stk-e363a30\" data-block-id=\"e363a30\"><p class=\"stk-block-text__text\"><strong><span style=\"color: var(--theme-palette-color-1, #009DE0);\" class=\"stk-highlight\">Vous voulez faire le point sur l\u2019impact du PPWR sur votre logistique et identifier les premi\u00e8res actions \u00e0 mener&nbsp;? Prenez rendez-vous avec notre \u00e9quipe. \u00c9change sans engagement, r\u00e9ponse sous un jour ouvr\u00e9.<\/span><\/strong><\/p><\/div>\n\n\n\n<div class=\"wp-block-buttons is-layout-flex wp-block-buttons-is-layout-flex\">\n<div class=\"wp-block-button\"><a class=\"wp-block-button__link wp-element-button\" href=\"https:\/\/meetings-eu1.hubspot.com\/antonin-guicheteau?uuid=8f671587-66a9-4fa6-87fd-12ad325ae8eb\" target=\"_blank\" rel=\"noopener\">Planifier un entretien<\/a><\/div>\n<\/div>\n\n\n\n<div class=\"wp-block-stackable-columns alignfull stk-block-columns stk-block stk-53835f6\" data-block-id=\"53835f6\"><div class=\"stk-row stk-inner-blocks stk-block-content stk-content-align stk-53835f6-column alignfull\">\n<div class=\"wp-block-stackable-column stk-block-column stk-column stk-block stk-3eea152\" data-v=\"4\" data-block-id=\"3eea152\"><div class=\"stk-column-wrapper stk-block-column__content stk-container stk-3eea152-container stk--no-background stk--no-padding\"><div class=\"stk-block-content stk-inner-blocks stk-3eea152-inner-blocks\">\n<div class=\"wp-block-group alignfull monta-faq-section is-layout-flow wp-block-group-is-layout-flow\" style=\"padding-top:80px;padding-right:0;padding-bottom:80px;padding-left:0\">\n<style>\r\n        \/* ====================================\r\n       MONTA FAQ SECTION STYLES\r\n       ==================================== *\/\r\n\r\n        .monta-faq-section {\r\n            background: #ffffff;\r\n            overflow: hidden;\r\n        }\r\n\r\n        .faq-inner-container {\r\n            max-width: var(--wp--style--global--content-size, 1024px);\r\n            width: 100%;\r\n            margin: 0 auto;\r\n            padding: 0;\r\n        }\r\n\r\n        \/* Badge Styles *\/\r\n        .faq-badge {\r\n            background-color: rgba(98, 187, 70, 0.08);\r\n            border: 1px solid rgba(98, 187, 70, 0.2);\r\n            color: #62BB46;\r\n            padding: 8px 8px;\r\n            border-radius: 9999px;\r\n            display: inline-flex;\r\n            align-items: center;\r\n            gap: 8px;\r\n            font-weight: 600;\r\n            font-size: 14px;\r\n            margin-bottom: 0;\r\n        }\r\n\r\n        \/* FAQ Item Styles *\/\r\n        .faq-item {\r\n            background: #ffffff;\r\n            border-radius: 16px;\r\n            border: 1px solid rgba(0, 157, 224, 0.2);\r\n            margin-bottom: 16px;\r\n            overflow: hidden;\r\n            transition: all 0.3s ease;\r\n            position: relative;\r\n            transform: translateY(0);\r\n        }\r\n\r\n        .faq-item:hover {\r\n            border-color: #009DE0;\r\n            box-shadow: 0 10px 15px -3px rgba(0, 157, 224, 0.15), 0 4px 6px -2px rgba(0, 157, 224, 0.1);\r\n            transform: translateY(-4px);\r\n        }\r\n\r\n        \/* ACTIVE STATE: Hive-style blue background *\/\r\n        .faq-item.active {\r\n            background-color: #009DE0;\r\n            border-color: #009DE0;\r\n            box-shadow: 0 10px 15px -3px rgba(0, 157, 224, 0.3), 0 4px 6px -2px rgba(0, 157, 224, 0.1);\r\n            color: #ffffff;\r\n        }\r\n\r\n        \/* Header Toggle *\/\r\n        .faq-header {\r\n            padding: 24px 32px;\r\n            cursor: pointer;\r\n            display: flex;\r\n            align-items: flex-start;\r\n            justify-content: space-between;\r\n            gap: 24px;\r\n            width: 100%;\r\n            background: none;\r\n            border: none;\r\n            text-align: left;\r\n        }\r\n\r\n        .faq-question {\r\n            font-size: 18px;\r\n            font-weight: 600;\r\n            color: #1a1a1a;\r\n            margin: 0;\r\n            line-height: 1.5;\r\n            flex: 1;\r\n            transition: color 0.3s ease;\r\n        }\r\n\r\n        .faq-item.active .faq-question {\r\n            color: #ffffff !important;\r\n        }\r\n\r\n        \/* Icon Wrapper *\/\r\n        .faq-icon-wrapper {\r\n            width: 48px;\r\n            height: 48px;\r\n            border-radius: 50%;\r\n            background-color: #f1f5f9;\r\n            display: flex;\r\n            align-items: center;\r\n            justify-content: center;\r\n            flex-shrink: 0;\r\n            transition: all 0.3s ease;\r\n            color: #64748b;\r\n        }\r\n\r\n        .faq-item:hover .faq-icon-wrapper {\r\n            background-color: #e2e8f0;\r\n        }\r\n\r\n        .faq-item.active .faq-icon-wrapper {\r\n            background-color: #ffffff;\r\n            color: #009DE0;\r\n            transform: rotate(45deg);\r\n            box-shadow: 0 4px 6px -1px rgba(0, 0, 0, 0.1);\r\n        }\r\n\r\n        \/* Content Area *\/\r\n        .faq-content {\r\n            max-height: 0;\r\n            overflow: hidden;\r\n            transition: max-height 0.3s cubic-bezier(0.4, 0, 0.2, 1);\r\n            padding: 0 32px;\r\n        }\r\n\r\n        .faq-content-inner {\r\n            padding-bottom: 24px;\r\n            padding-right: 48px;\r\n            color: #4b5563;\r\n            font-size: 16px;\r\n            line-height: 1.6;\r\n            transition: color 0.3s ease;\r\n        }\r\n\r\n        .faq-item.active .faq-content-inner {\r\n            color: rgba(255, 255, 255, 0.95);\r\n        }\r\n\r\n        \/* Bottom CTA Box *\/\r\n        .faq-cta-box {\r\n            background: #f8fafc;\r\n            border: 1px solid #e2e8f0;\r\n            border-radius: 24px;\r\n            padding: 40px;\r\n            text-align: center;\r\n            margin-top: 64px;\r\n            box-shadow: none;\r\n        }\r\n\r\n        \/* Responsive adjustments *\/\r\n        @media (max-width:690px) {\r\n            .monta-faq-section {\r\n                padding-top: 64px !important;\r\n                padding-bottom: 64px !important;\r\n            }\r\n\r\n            .faq-inner-container {\r\n                padding: 0 16px;\r\n            }\r\n\r\n            .faq-header {\r\n                padding: 20px 24px;\r\n            }\r\n\r\n            .faq-icon-wrapper {\r\n                width: 40px;\r\n                height: 40px;\r\n            }\r\n\r\n            .faq-content {\r\n                padding: 0 24px;\r\n            }\r\n\r\n            .faq-content-inner {\r\n                padding-right: 0;\r\n            }\r\n\r\n            .faq-cta-box {\r\n                padding: 32px 24px;\r\n            }\r\n        }\r\n    <\/style>\n\n\n\n<div class=\"wp-block-group faq-inner-container is-layout-constrained wp-container-core-group-is-layout-87dde3be wp-block-group-is-layout-constrained\">\n<div class=\"wp-block-group alignfull is-layout-flow wp-block-group-is-layout-flow\" style=\"margin-bottom:40px\">\n<div class=\"wp-block-group alignfull is-layout-flow wp-block-group-is-layout-flow\">\n<div class=\"wp-block-stackable-heading stk-block-heading stk-block-heading--v2 stk-block stk-0927391\" id=\"faq-reglement-ppwr-et-emballages-e-commerce\" data-block-id=\"0927391\"><h2 class=\"stk-block-heading__text\">FAQ : r\u00e8glement PPWR et emballages e-commerce<\/h2><\/div>\n<\/div>\n<\/div>\n\n\n\n<div class=\"wp-block-group faq-list is-layout-flow wp-block-group-is-layout-flow\">\n<div class=\"wp-block-group faq-item is-layout-flow wp-block-group-is-layout-flow\">\n<div class=\"wp-block-group faq-header is-layout-flow wp-block-group-is-layout-flow\">\n<h3 class=\"wp-block-heading faq-question\" style=\"font-size:clamp(14px, 0.875rem + ((1vw - 3.2px) * 0.313), 18px);font-weight:600\"><strong><strong>Qui est concern\u00e9 par le r\u00e8glement PPWR&nbsp;?<\/strong><\/strong><\/h3>\n\n\n\n<div class=\"faq-icon-wrapper\">\r\n                        <svg xmlns=\"http:\/\/www.w3.org\/2000\/svg\" width=\"24\" height=\"24\" viewBox=\"0 0 24 24\" fill=\"none\"\r\n                            stroke=\"currentColor\" stroke-width=\"2.5\" stroke-linecap=\"round\" stroke-linejoin=\"round\">\r\n                            <line x1=\"12\" y1=\"5\" x2=\"12\" y2=\"19\"><\/line>\r\n                            <line x1=\"5\" y1=\"12\" x2=\"19\" y2=\"12\"><\/line>\r\n                        <\/svg>\r\n                    <\/div>\n<\/div>\n\n\n\n<div class=\"wp-block-group faq-content is-layout-flow wp-block-group-is-layout-flow\">\n<p class=\"faq-content-inner wp-block-paragraph\">Toutes les entreprises qui mettent des emballages sur le march\u00e9 europ\u00e9en sont concern\u00e9es&nbsp;: fabricants d\u2019emballages, importateurs, distributeurs et e-commer\u00e7ants. Aucun seuil de taille n\u2019est pr\u00e9vu. Une PME qui vend des produits emball\u00e9s en ligne est soumise aux m\u00eames obligations qu\u2019un grand groupe industriel. Le r\u00e8glement s\u2019applique \u00e0 tous les mat\u00e9riaux (carton, plastique, verre, m\u00e9tal) et \u00e0 tous les types d\u2019emballages&nbsp;: primaire (en contact direct avec le produit), secondaire (regroupement) et tertiaire (transport).<\/p>\n<\/div>\n<\/div>\n\n\n\n<div class=\"wp-block-group faq-item is-layout-flow wp-block-group-is-layout-flow\">\n<div class=\"wp-block-group faq-header is-layout-flow wp-block-group-is-layout-flow\">\n<h3 class=\"wp-block-heading faq-question\" style=\"font-size:clamp(14px, 0.875rem + ((1vw - 3.2px) * 0.313), 18px);font-weight:600\"><strong>Quelles sont les sanctions pr\u00e9vues par le PPWR&nbsp;?<\/strong><\/h3>\n\n\n\n<div class=\"faq-icon-wrapper\">\r\n                        <svg xmlns=\"http:\/\/www.w3.org\/2000\/svg\" width=\"24\" height=\"24\" viewBox=\"0 0 24 24\" fill=\"none\"\r\n                            stroke=\"currentColor\" stroke-width=\"2.5\" stroke-linecap=\"round\" stroke-linejoin=\"round\">\r\n                            <line x1=\"12\" y1=\"5\" x2=\"12\" y2=\"19\"><\/line>\r\n                            <line x1=\"5\" y1=\"12\" x2=\"19\" y2=\"12\"><\/line>\r\n                        <\/svg>\r\n                    <\/div>\n<\/div>\n\n\n\n<div class=\"wp-block-group faq-content is-layout-flow wp-block-group-is-layout-flow\">\n<p class=\"faq-content-inner wp-block-paragraph\">Le r\u00e8glement fixe le principe de sanctions effectives, proportionn\u00e9es et dissuasives, mais laisse chaque \u00c9tat membre en d\u00e9finir les modalit\u00e9s. En France, ce cadre est encore en cours d\u2019\u00e9laboration par la DGPR, l\u2019ADEME et la DGCCRF. Ce qui est d\u00e9j\u00e0 applicable&nbsp;: les autorit\u00e9s de surveillance du march\u00e9 peuvent ordonner le retrait d\u2019un lot ou d\u2019une r\u00e9f\u00e9rence d\u00e8s le premier manquement constat\u00e9, dans les 27 pays simultan\u00e9ment pour une r\u00e9f\u00e9rence vendue partout en Europe. Sur le volet REP, la non-inscription au registre d\u2019un \u00e9co-organisme peut entra\u00eener en France une amende pouvant atteindre 30&nbsp;000&nbsp;\u20ac. Citeo applique par ailleurs des majorations pouvant atteindre +100&nbsp;% du tarif de base pour les emballages non recyclables ou perturbateurs du tri.<\/p>\n<\/div>\n<\/div>\n\n\n\n<div class=\"wp-block-group faq-item is-layout-flow wp-block-group-is-layout-flow\">\n<div class=\"wp-block-group faq-header is-layout-flow wp-block-group-is-layout-flow\">\n<h3 class=\"wp-block-heading faq-question\" style=\"font-size:clamp(14px, 0.875rem + ((1vw - 3.2px) * 0.313), 18px);font-weight:600\"><strong>Qui doit payer la taxe \u00e9co-emballage&nbsp;?<\/strong><\/h3>\n\n\n\n<div class=\"faq-icon-wrapper\">\r\n                        <svg xmlns=\"http:\/\/www.w3.org\/2000\/svg\" width=\"24\" height=\"24\" viewBox=\"0 0 24 24\" fill=\"none\"\r\n                            stroke=\"currentColor\" stroke-width=\"2.5\" stroke-linecap=\"round\" stroke-linejoin=\"round\">\r\n                            <line x1=\"12\" y1=\"5\" x2=\"12\" y2=\"19\"><\/line>\r\n                            <line x1=\"5\" y1=\"12\" x2=\"19\" y2=\"12\"><\/line>\r\n                        <\/svg>\r\n                    <\/div>\n<\/div>\n\n\n\n<div class=\"wp-block-group faq-content is-layout-flow wp-block-group-is-layout-flow\">\n<p class=\"faq-content-inner wp-block-paragraph\">Ce qu\u2019on appelle couramment la \u00ab&nbsp;taxe \u00e9co-emballage&nbsp;\u00bb est en r\u00e9alit\u00e9 une \u00e9co-contribution li\u00e9e \u00e0 la REP, la Responsabilit\u00e9 \u00c9largie du Producteur. Le principe est simple&nbsp;: celui qui met un produit emball\u00e9 sur le march\u00e9 finance la fin de vie de cet emballage. En France, cette obligation est g\u00e9r\u00e9e via Citeo pour les emballages m\u00e9nagers. Le PPWR renforce et harmonise ce dispositif \u00e0 l\u2019\u00e9chelle europ\u00e9enne, mais ne le cr\u00e9e pas : il existait d\u00e9j\u00e0. Ce que le r\u00e8glement change, c\u2019est que cette contribution sera d\u00e9sormais \u00e9co-modul\u00e9e de fa\u00e7on harmonis\u00e9e dans toute l\u2019UE&nbsp;: un emballage recyclable paie moins, un emballage non conforme paie plus.<\/p>\n<\/div>\n<\/div>\n\n\n\n<div class=\"wp-block-group faq-item is-layout-flow wp-block-group-is-layout-flow\">\n<div class=\"wp-block-group faq-header is-layout-flow wp-block-group-is-layout-flow\">\n<h3 class=\"wp-block-heading faq-question\" style=\"font-size:clamp(14px, 0.875rem + ((1vw - 3.2px) * 0.313), 18px);font-weight:600\"><strong>L\u2019article 7 du PPWR concerne-t-il mes emballages plastiques&nbsp;?<\/strong><\/h3>\n\n\n\n<div class=\"faq-icon-wrapper\">\r\n                        <svg xmlns=\"http:\/\/www.w3.org\/2000\/svg\" width=\"24\" height=\"24\" viewBox=\"0 0 24 24\" fill=\"none\"\r\n                            stroke=\"currentColor\" stroke-width=\"2.5\" stroke-linecap=\"round\" stroke-linejoin=\"round\">\r\n                            <line x1=\"12\" y1=\"5\" x2=\"12\" y2=\"19\"><\/line>\r\n                            <line x1=\"5\" y1=\"12\" x2=\"19\" y2=\"12\"><\/line>\r\n                        <\/svg>\r\n                    <\/div>\n<\/div>\n\n\n\n<div class=\"wp-block-group faq-content is-layout-flow wp-block-group-is-layout-flow\">\n<p class=\"faq-content-inner wp-block-paragraph\">L\u2019article 7 du PPWR impose un taux minimum de mati\u00e8re plastique recycl\u00e9e post-consommation dans tous les emballages contenant plus de 5&nbsp;% de plastique. Cette obligation entre en vigueur au 1er&nbsp;janvier 2030. Les taux varient selon le type d\u2019emballage&nbsp;: de 10 \u00e0 35&nbsp;% en 2030, et de 25 \u00e0 65&nbsp;% en 2040. Attention&nbsp;: seuls les d\u00e9chets plastiques post-consommation sont comptabilis\u00e9s. Les chutes de production ne le sont pas, quelle que soit leur pr\u00e9sentation sur une fiche technique fournisseur. Pour un e-commer\u00e7ant, cela concerne concr\u00e8tement les pochettes plastiques, les films-bulles, les polybags et tout emballage d\u2019exp\u00e9dition contenant du plastique. Certains emballages sont exempt\u00e9s&nbsp;: emballages compostables, emballages pour produits dangereux, emballages pharmaceutiques et emballages pour pr\u00e9parations infantiles.<\/p>\n<\/div>\n<\/div>\n\n\n\n<div class=\"wp-block-group faq-item is-layout-flow wp-block-group-is-layout-flow\">\n<div class=\"wp-block-group faq-header is-layout-flow wp-block-group-is-layout-flow\">\n<h3 class=\"wp-block-heading faq-question\" style=\"font-size:clamp(14px, 0.875rem + ((1vw - 3.2px) * 0.313), 18px);font-weight:600\"><strong>Dois-je m\u2019inscrire \u00e0 la REP dans chaque pays europ\u00e9en o\u00f9 je vends&nbsp;?<\/strong><\/h3>\n\n\n\n<div class=\"faq-icon-wrapper\">\r\n                        <svg xmlns=\"http:\/\/www.w3.org\/2000\/svg\" width=\"24\" height=\"24\" viewBox=\"0 0 24 24\" fill=\"none\"\r\n                            stroke=\"currentColor\" stroke-width=\"2.5\" stroke-linecap=\"round\" stroke-linejoin=\"round\">\r\n                            <line x1=\"12\" y1=\"5\" x2=\"12\" y2=\"19\"><\/line>\r\n                            <line x1=\"5\" y1=\"12\" x2=\"19\" y2=\"12\"><\/line>\r\n                        <\/svg>\r\n                    <\/div>\n<\/div>\n\n\n\n<div class=\"wp-block-group faq-content is-layout-flow wp-block-group-is-layout-flow\">\n<p class=\"faq-content-inner wp-block-paragraph\">Oui. C\u2019est l\u2019une des erreurs les plus fr\u00e9quentes chez les e-commer\u00e7ants qui vendent \u00e0 l\u2019international. Une inscription \u00e0 Citeo en France couvre vos obligations sur le march\u00e9 fran\u00e7ais uniquement. Si vous exp\u00e9diez en Allemagne, vous devez vous inscrire sur le registre LUCID. En Italie, c\u2019est CONAI. En Espagne, ECOEMBES. Chaque pays a son propre \u00e9co-organisme, et l\u2019obligation s\u2019applique d\u00e8s la premi\u00e8re commande exp\u00e9di\u00e9e dans ce pays. Le PPWR renforce progressivement l\u2019harmonisation de ces syst\u00e8mes, mais dans l\u2019imm\u00e9diat, l\u2019enregistrement pays par pays reste la r\u00e8gle.<\/p>\n<\/div>\n<\/div>\n<\/div>\n<\/div>\n\n\n\n<script>\r\n        (function () {\r\n            function initFaq() {\r\n                const items = document.querySelectorAll('.faq-item');\r\n\r\n                if (items.length === 0) {\r\n                    \/\/ If elements not loaded yet, retry shortly\r\n                    setTimeout(initFaq, 100);\r\n                    return;\r\n                }\r\n\r\n                items.forEach(item => {\r\n                    const header = item.querySelector('.faq-header');\r\n                    const content = item.querySelector('.faq-content');\r\n\r\n                    if (!header || !content) return;\r\n\r\n                    header.addEventListener('click', () => {\r\n                        const isActive = item.classList.contains('active');\r\n\r\n                        \/\/ Close others (optional - standard accordion behavior)\r\n                        \/* \r\n                        items.forEach(otherItem => {\r\n                            if (otherItem !== item) {\r\n                                otherItem.classList.remove('active');\r\n                                const otherContent = otherItem.querySelector('.faq-content');\r\n                                if (otherContent) otherContent.style.maxHeight = null;\r\n                            }\r\n                        });\r\n                        *\/\r\n\r\n                        \/\/ Toggle current\r\n                        item.classList.toggle('active');\r\n\r\n                        if (!isActive) {\r\n                            content.style.maxHeight = content.scrollHeight + \"px\";\r\n                            header.setAttribute('aria-expanded', 'true');\r\n                        } else {\r\n                            content.style.maxHeight = null;\r\n                            header.setAttribute('aria-expanded', 'false');\r\n                        }\r\n                    });\r\n                });\r\n            }\r\n\r\n            if (document.readyState === 'loading') {\r\n                document.addEventListener('DOMContentLoaded', initFaq);\r\n            } else {\r\n                initFaq();\r\n            }\r\n        })();\r\n    <\/script>\n<\/div>\n<\/div><\/div><\/div>\n<\/div><\/div>\n","protected":false},"excerpt":{"rendered":"<p>Depuis le 12 ao\u00fbt, la r\u00e9glementation PPWR sur les emballages s\u2019applique dans toute l\u2019UE. Premi\u00e8re obligation imm\u00e9diate : les PFAS sont bannis des emballages alimentaires. Et ce n\u2019est que le d\u00e9but d\u2019un calendrier qui court jusqu\u2019en 2030. Voici ce que \u00e7a change pour votre e-commerce.<\/p>\n","protected":false},"author":31,"featured_media":59073,"comment_status":"open","ping_status":"open","sticky":false,"template":"","format":"standard","meta":{"_acf_changed":false,"content-type":"","footnotes":""},"categories":[64],"tags":[],"class_list":["post-59030","post","type-post","status-publish","format-standard","has-post-thumbnail","hentry","category-actualites"],"blocksy_meta":{"styles_descriptor":{"styles":{"desktop":"","tablet":"","mobile":""},"google_fonts":[],"version":7}},"acf":[],"featured_image_urls_v2":{"full":["https:\/\/gomonta.com\/wp-content\/uploads\/2026\/08\/DSC02422-scaled.webp",2560,1707,false],"thumbnail":["https:\/\/gomonta.com\/wp-content\/uploads\/2026\/08\/DSC02422-150x150.webp",150,150,true],"medium":["https:\/\/gomonta.com\/wp-content\/uploads\/2026\/08\/DSC02422-300x200.webp",300,200,true],"medium_large":["https:\/\/gomonta.com\/wp-content\/uploads\/2026\/08\/DSC02422-768x512.webp",768,512,true],"large":["https:\/\/gomonta.com\/wp-content\/uploads\/2026\/08\/DSC02422-1024x683.webp",1024,683,true],"1536x1536":["https:\/\/gomonta.com\/wp-content\/uploads\/2026\/08\/DSC02422-1536x1024.webp",1536,1024,true],"2048x2048":["https:\/\/gomonta.com\/wp-content\/uploads\/2026\/08\/DSC02422-2048x1365.webp",2048,1365,true],"gform-image-choice-sm":["https:\/\/gomonta.com\/wp-content\/uploads\/2026\/08\/DSC02422-scaled.webp",300,200,false],"gform-image-choice-md":["https:\/\/gomonta.com\/wp-content\/uploads\/2026\/08\/DSC02422-scaled.webp",400,267,false],"gform-image-choice-lg":["https:\/\/gomonta.com\/wp-content\/uploads\/2026\/08\/DSC02422-scaled.webp",600,400,false]},"post_excerpt_stackable_v2":"<p>Depuis le 12 ao\u00fbt, la r\u00e9glementation PPWR sur les emballages s\u2019applique dans toute l\u2019UE. Premi\u00e8re obligation imm\u00e9diate : les PFAS sont bannis des emballages alimentaires. Et ce n\u2019est que le d\u00e9but d\u2019un calendrier qui court jusqu\u2019en 2030. Voici ce que \u00e7a change pour votre e-commerce.<\/p>\n","category_list_v2":"<a href=\"https:\/\/gomonta.com\/fr\/blog\/category\/actualites\/\" rel=\"category tag\">Actualit\u00e9s<\/a>","author_info_v2":{"name":"Marion Picaud","url":"https:\/\/gomonta.com\/fr\/author\/marion\/"},"comments_num_v2":"0 commentaire","_links":{"self":[{"href":"https:\/\/gomonta.com\/fr\/wp-json\/wp\/v2\/posts\/59030","targetHints":{"allow":["GET"]}}],"collection":[{"href":"https:\/\/gomonta.com\/fr\/wp-json\/wp\/v2\/posts"}],"about":[{"href":"https:\/\/gomonta.com\/fr\/wp-json\/wp\/v2\/types\/post"}],"author":[{"embeddable":true,"href":"https:\/\/gomonta.com\/fr\/wp-json\/wp\/v2\/users\/31"}],"replies":[{"embeddable":true,"href":"https:\/\/gomonta.com\/fr\/wp-json\/wp\/v2\/comments?post=59030"}],"version-history":[{"count":17,"href":"https:\/\/gomonta.com\/fr\/wp-json\/wp\/v2\/posts\/59030\/revisions"}],"predecessor-version":[{"id":59143,"href":"https:\/\/gomonta.com\/fr\/wp-json\/wp\/v2\/posts\/59030\/revisions\/59143"}],"wp:featuredmedia":[{"embeddable":true,"href":"https:\/\/gomonta.com\/fr\/wp-json\/wp\/v2\/media\/59073"}],"wp:attachment":[{"href":"https:\/\/gomonta.com\/fr\/wp-json\/wp\/v2\/media?parent=59030"}],"wp:term":[{"taxonomy":"category","embeddable":true,"href":"https:\/\/gomonta.com\/fr\/wp-json\/wp\/v2\/categories?post=59030"},{"taxonomy":"post_tag","embeddable":true,"href":"https:\/\/gomonta.com\/fr\/wp-json\/wp\/v2\/tags?post=59030"}],"curies":[{"name":"wp","href":"https:\/\/api.w.org\/{rel}","templated":true}]}}